{"id":648,"date":"2025-03-18T15:41:06","date_gmt":"2025-03-18T14:41:06","guid":{"rendered":"https:\/\/arec.asso.fr\/?p=648"},"modified":"2025-03-18T15:49:25","modified_gmt":"2025-03-18T14:49:25","slug":"luniversite-de-strasbourg-recrute-3-maitres-de-langue-chinoise-pour-la-rentree-2025","status":"publish","type":"post","link":"https:\/\/arec.asso.fr\/?p=648","title":{"rendered":"L&rsquo;Universit\u00e9 de Strasbourg recrute 3 ma\u00eetres(ses) de langue chinoise pour la rentr\u00e9e 2025"},"content":{"rendered":"\n<p>Le D\u00e9partement\u00a0d&rsquo;\u00e9tudes chinoises de l&rsquo;Universit\u00e9 de Strasbourg recrute pour l\u2019ann\u00e9e 2025\/2026\u00a0trois ma\u00eetres(ses) de langue chinoise\u00a0: dans le cadre d\u2019un contrat d\u2019un an,\u00a0renouvelable une fois, chacune de ces personnes dispensera des cours de langue\u00a0chinoise moderne \u00e9crite et\/ou orale, majoritairement\u00a0dans le cadre de la\u00a0Licence LLCEr d\u2019\u00e9tudes chinoises, pour un service total de\u00a0192 heures TD et\u00a0une r\u00e9mun\u00e9ration nette mensuelle de 1600 euros environ ; ces personnes devront \u00e9galement\u00a0assurer toutes les t\u00e2ches li\u00e9es \u00e0 leur activit\u00e9 d&rsquo;enseignement, notamment la\u00a0pr\u00e9paration, la surveillance et la correction\u00a0des contr\u00f4les de connaissance. Elles\u00a0seront possiblement amen\u00e9es \u00e0 enseigner la langue classique en Licence LLCEr\u00a0d\u2019\u00e9tudes chinoises ou la langue moderne dans le cadre de l\u2019offre en LanSAD\u00a0selon des modalit\u00e9s \u00e0 discuter au cours des entretiens.<br><br>Le profil recherch\u00e9 pour chacun de\u00a0ces trois postes est un sinophone natif ma\u00eetrisant parfaitement le fran\u00e7ais,\u00a0d\u00e9tenteur d\u2019un Master, avec un minimum d\u2019exp\u00e9rience de l\u2019enseignement de la\u00a0langue chinoise et qui n\u2019a jamais exerc\u00e9 plus d\u2019un an les fonctions de lecteur\u00a0ou de ma\u00eetre de langue \u00e0 titre\u00a0individuel dans le cadre d\u2019un contrat local (les\u00a0personnes ayant d\u00e9j\u00e0 exerc\u00e9 les fonctions de lecteur ou de ma\u00eetre de langue\u00a0dans le cadre d\u2019un accord bilat\u00e9ral peuvent par contre soumettre leur\u00a0candidature).\u00a0Une exp\u00e9rience de l\u2019enseignement sup\u00e9rieur fran\u00e7ais sera par ailleurs\u00a0fortement appr\u00e9ci\u00e9e.<br>\u00a0 \u00a0 \u00a0 \u00a0 \u00a0 \u00a0 \u00a0<br>Pour l\u2019ensemble de ces cours,\u00a0des supports et mat\u00e9riaux p\u00e9dagogiques seront fournis aux candidat(e)s retenu(e)s\u00a0qui pourront, en outre, compter sur l\u2019exp\u00e9rience et le soutien des membres de\u00a0l\u2019\u00e9quipe.<\/p>\n\n\n\n<p><\/p>\n\n\n\n<p><strong>Lien vers l\u2019annonce officielle :&nbsp;<a href=\"https:\/\/www.unistra.fr\/fileadmin\/upload\/unistra\/recrutement\/Annee_2025\/lecteur_et_MLE\/Fiche_de_poste_chinois_3ML_2025.pdf\" class=\"\">https:\/\/www.unistra.fr\/fileadmin\/upload\/unistra\/recrutement\/Annee_2025\/lecteur_et_MLE\/Fiche_de_poste_chinois_3ML_2025.pdf<\/a><\/strong><\/p>\n\n\n\n<p><strong>Date limite de candidature : le mardi 1er avril 2025<\/strong><\/p>\n\n\n\n<p><strong>Date des entretiens : le mercredi 9 avril 2025<\/strong><\/p>\n","protected":false},"excerpt":{"rendered":"<p>Le D\u00e9partement\u00a0d&rsquo;\u00e9tudes chinoises de l&rsquo;Universit\u00e9 de Strasbourg recrute pour l\u2019ann\u00e9e 2025\/2026\u00a0trois ma\u00eetres(ses) de langue chinoise\u00a0: dans le cadre d\u2019un contrat d\u2019un an,\u00a0renouvelable une fois, chacune de ces personnes dispensera des cours de langue\u00a0chinoise moderne \u00e9crite et\/ou orale, majoritairement\u00a0dans le cadre de la\u00a0Licence LLCEr d\u2019\u00e9tudes chinoises, pour un service total de\u00a0192 heures TD et\u00a0une r\u00e9mun\u00e9ration nette&hellip;<\/p>\n","protected":false},"author":4,"featured_media":0,"comment_status":"open","ping_status":"open","sticky":false,"template":"","format":"standard","meta":{"footnotes":""},"categories":[10],"tags":[],"class_list":["post-648","post","type-post","status-publish","format-standard","hentry","category-recrutement"],"_links":{"self":[{"href":"https:\/\/arec.asso.fr\/index.php?rest_route=\/wp\/v2\/posts\/648","targetHints":{"allow":["GET"]}}],"collection":[{"href":"https:\/\/arec.asso.fr\/index.php?rest_route=\/wp\/v2\/posts"}],"about":[{"href":"https:\/\/arec.asso.fr\/index.php?rest_route=\/wp\/v2\/types\/post"}],"author":[{"embeddable":true,"href":"https:\/\/arec.asso.fr\/index.php?rest_route=\/wp\/v2\/users\/4"}],"replies":[{"embeddable":true,"href":"https:\/\/arec.asso.fr\/index.php?rest_route=%2Fwp%2Fv2%2Fcomments&post=648"}],"version-history":[{"count":2,"href":"https:\/\/arec.asso.fr\/index.php?rest_route=\/wp\/v2\/posts\/648\/revisions"}],"predecessor-version":[{"id":654,"href":"https:\/\/arec.asso.fr\/index.php?rest_route=\/wp\/v2\/posts\/648\/revisions\/654"}],"wp:attachment":[{"href":"https:\/\/arec.asso.fr\/index.php?rest_route=%2Fwp%2Fv2%2Fmedia&parent=648"}],"wp:term":[{"taxonomy":"category","embeddable":true,"href":"https:\/\/arec.asso.fr\/index.php?rest_route=%2Fwp%2Fv2%2Fcategories&post=648"},{"taxonomy":"post_tag","embeddable":true,"href":"https:\/\/arec.asso.fr\/index.php?rest_route=%2Fwp%2Fv2%2Ftags&post=648"}],"curies":[{"name":"wp","href":"https:\/\/api.w.org\/{rel}","templated":true}]}}