{"id":562,"date":"2024-03-26T12:45:16","date_gmt":"2024-03-26T11:45:16","guid":{"rendered":"https:\/\/arec.asso.fr\/?p=562"},"modified":"2024-03-26T12:47:03","modified_gmt":"2024-03-26T11:47:03","slug":"journee-detude-enseignement-du-chinois-en-filiere-lea-universite-paris-nanterre","status":"publish","type":"post","link":"https:\/\/arec.asso.fr\/?p=562","title":{"rendered":"Journ\u00e9e d&rsquo;\u00e9tude : Enseignement du chinois en fili\u00e8re LEA (Universit\u00e9 Paris Nanterre)"},"content":{"rendered":"\n<p>Ci-dessous l&rsquo;appel \u00e0 communications de la part de notre membre ZHANG-COLIN Ying : <\/p>\n\n\n\n<p>Ch\u00e8res et chers coll\u00e8gues,<\/p>\n\n\n\n<p>J&rsquo;ai le plaisir de vous annoncer que nous envisageons d&rsquo;organiser, \u00e0 l\u2019Universit\u00e9 Paris Nanterre, une Journ\u00e9e d&rsquo;\u00e9tude d\u00e9di\u00e9e \u00e0 l\u2019<strong><em>Enseignement du chinois en fili\u00e8re LEA : \u00e9tat des lieux et perspectives<\/em><\/strong>&nbsp;\u00e0 la fin de cette ann\u00e9e, plus pr\u00e9cis\u00e9ment entre la fin novembre et le d\u00e9but d\u00e9cembre.&nbsp;<\/p>\n\n\n\n<p>Cette initiative vise \u00e0 rassembler des experts, des enseignants et des chercheurs intervenant dans la fili\u00e8re LEA chinois, pour partager des connaissances, des exp\u00e9riences et des perspectives sur l\u2019enseignement et sur la recherche en LEA chinois.<\/p>\n\n\n\n<p>Nous sommes actuellement dans la phase pr\u00e9liminaire de l&rsquo;organisation et souhaiterions recueillir les intentions et les propositions de sujets de pr\u00e9sentation. Si vous ou l&rsquo;un de vos coll\u00e8gues souhaitez participer en tant qu&rsquo;intervenant, serait-il possible de nous faire part de vos intentions pr\u00e9liminaires en nous proposant un titre provisoire pour votre intervention, de pr\u00e9f\u00e9rence&nbsp;<strong>avant le 22 mars<\/strong>. La soumission des r\u00e9sum\u00e9s pourra se faire ult\u00e9rieurement.<\/p>\n\n\n\n<p>Votre participation et vos contributions seront pr\u00e9cieuses pour le succ\u00e8s de cette journ\u00e9e d&rsquo;\u00e9tude. Une fois que nous aurons re\u00e7u vos propositions de sujets et manifestations d&rsquo;int\u00e9r\u00eat, nous d\u00e9terminerons la date d\u00e9finitive de l&rsquo;\u00e9v\u00e9nement et vous contacterons pour communiquer un programme plus d\u00e9taill\u00e9.<\/p>\n\n\n\n<p>Nous esp\u00e9rons vivement que vous serez nombreux \u00e0 participer et \u00e0 enrichir cette journ\u00e9e d&rsquo;\u00e9tude. En vous remerciant par avance de votre int\u00e9r\u00eat et de votre collaboration, je reste \u00e0 votre disposition pour toute information compl\u00e9mentaire.<\/p>\n\n\n\n<p><strong>Calendrier d\u2019organisation :<\/strong><br><em>L\u2019enseignement du chinois en fili\u00e8re LEA : \u00e9tat des lieux et perspectives<\/em><br>&#8211; Lieu : Universit\u00e9 Paris Nanterre<br>&#8211; Date pr\u00e9visionnelle : fin novembre d\u00e9but d\u00e9cembre 2024<br>&#8211; Recueil des intentions et des propositions de sujets : envoi d&rsquo;un titre provisoire pour votre intervention, de pr\u00e9f\u00e9rence&nbsp;<strong>avant le 22 mars<\/strong>,&nbsp;\u00e0&nbsp;<a href=\"mailto:ying.zhangcolin@parisnanterre.fr\" target=\"_blank\" rel=\"noreferrer noopener\">ying.zhangcolin@parisnanterre.fr<\/a>&nbsp;et&nbsp;<a href=\"mailto:guoqiang.li@parisnanterre.fr\" target=\"_blank\" rel=\"noreferrer noopener\">guoqiang.li@parisnanterre.fr<\/a>&nbsp;<br>&#8211; Soumission des r\u00e9sum\u00e9s : envoi d\u2019un r\u00e9sum\u00e9 en fran\u00e7ais (200-500 mots)&nbsp;<strong>avant le 15 juillet<\/strong><\/p>\n\n\n\n<p><a href=\"https:\/\/arec.asso.fr\/wp-content\/uploads\/2024\/03\/Uni-Paris-Nanterre-Argumentaire-JE-LEA-Chinois.pdf\" target=\"_blank\" rel=\"noreferrer noopener\">Visualiser l&rsquo;argumentaire et les th\u00e9matiques de la JE en d\u00e9tail ici.<\/a><\/p>\n","protected":false},"excerpt":{"rendered":"<p>Ci-dessous l&rsquo;appel \u00e0 communications de la part de notre membre ZHANG-COLIN Ying : Ch\u00e8res et chers coll\u00e8gues, J&rsquo;ai le plaisir de vous annoncer que nous envisageons d&rsquo;organiser, \u00e0 l\u2019Universit\u00e9 Paris Nanterre, une Journ\u00e9e d&rsquo;\u00e9tude d\u00e9di\u00e9e \u00e0 l\u2019Enseignement du chinois en fili\u00e8re LEA : \u00e9tat des lieux et perspectives&nbsp;\u00e0 la fin de cette ann\u00e9e, plus pr\u00e9cis\u00e9ment&hellip;<\/p>\n","protected":false},"author":1,"featured_media":0,"comment_status":"closed","ping_status":"open","sticky":false,"template":"","format":"standard","meta":{"footnotes":""},"categories":[2],"tags":[],"class_list":["post-562","post","type-post","status-publish","format-standard","hentry","category-appel-a-communication"],"_links":{"self":[{"href":"https:\/\/arec.asso.fr\/index.php?rest_route=\/wp\/v2\/posts\/562","targetHints":{"allow":["GET"]}}],"collection":[{"href":"https:\/\/arec.asso.fr\/index.php?rest_route=\/wp\/v2\/posts"}],"about":[{"href":"https:\/\/arec.asso.fr\/index.php?rest_route=\/wp\/v2\/types\/post"}],"author":[{"embeddable":true,"href":"https:\/\/arec.asso.fr\/index.php?rest_route=\/wp\/v2\/users\/1"}],"replies":[{"embeddable":true,"href":"https:\/\/arec.asso.fr\/index.php?rest_route=%2Fwp%2Fv2%2Fcomments&post=562"}],"version-history":[{"count":2,"href":"https:\/\/arec.asso.fr\/index.php?rest_route=\/wp\/v2\/posts\/562\/revisions"}],"predecessor-version":[{"id":565,"href":"https:\/\/arec.asso.fr\/index.php?rest_route=\/wp\/v2\/posts\/562\/revisions\/565"}],"wp:attachment":[{"href":"https:\/\/arec.asso.fr\/index.php?rest_route=%2Fwp%2Fv2%2Fmedia&parent=562"}],"wp:term":[{"taxonomy":"category","embeddable":true,"href":"https:\/\/arec.asso.fr\/index.php?rest_route=%2Fwp%2Fv2%2Fcategories&post=562"},{"taxonomy":"post_tag","embeddable":true,"href":"https:\/\/arec.asso.fr\/index.php?rest_route=%2Fwp%2Fv2%2Ftags&post=562"}],"curies":[{"name":"wp","href":"https:\/\/api.w.org\/{rel}","templated":true}]}}